{"id":72,"name":"Fr\u00e9d\u00e9ric Meys","url":"","description":"Dipl\u00f4m\u00e9 en sciences \u00e9conomiques \u00e0 l'Universit\u00e9 Libre de Bruxelles, les travaux de Fr\u00e9d\u00e9ric portent sur les th\u00e8mes de la transition \u00e9nerg\u00e9tique et bas carbone.","link":"https:\/\/www.fondation-idea.lu\/quisommesnous\/author\/frederic\/","slug":"frederic","avatar_urls":{"24":"https:\/\/secure.gravatar.com\/avatar\/543f0c825842e917c4885d880a441afab2e077248749cdd295e4319c249db255?s=24&d=mm&r=g","48":"https:\/\/secure.gravatar.com\/avatar\/543f0c825842e917c4885d880a441afab2e077248749cdd295e4319c249db255?s=48&d=mm&r=g","96":"https:\/\/secure.gravatar.com\/avatar\/543f0c825842e917c4885d880a441afab2e077248749cdd295e4319c249db255?s=96&d=mm&r=g"},"meta":{"feedzy_import_tour":true,"feedzy_hide_action_message":false},"yoast_head":"<!-- This site is optimized with the Yoast SEO Premium plugin v26.9 (Yoast SEO v26.9) - https:\/\/yoast.com\/product\/yoast-seo-premium-wordpress\/ -->\n<title>\u00c9conomiste<\/title>\n<meta name=\"description\" content=\"Dipl\u00f4m\u00e9 en sciences \u00e9conomiques \u00e0 l&#039;Universit\u00e9 Libre de Bruxelles, les travaux de Fr\u00e9d\u00e9ric portent sur les th\u00e8mes de la transition \u00e9nerg\u00e9tique et bas carbone.\" \/>\n<meta name=\"robots\" content=\"index, follow, max-snippet:-1, max-image-preview:large, max-video-preview:-1\" \/>\n<link rel=\"canonical\" href=\"https:\/\/www.fondation-idea.lu\/quisommesnous\/author\/frederic\/\" \/>\n<meta property=\"og:locale\" content=\"fr_FR\" \/>\n<meta property=\"og:type\" content=\"profile\" \/>\n<meta property=\"og:title\" content=\"Fr\u00e9d\u00e9ric Meys\" \/>\n<meta property=\"og:description\" content=\"Dipl\u00f4m\u00e9 en sciences \u00e9conomiques \u00e0 l&#039;Universit\u00e9 Libre de Bruxelles, les travaux de Fr\u00e9d\u00e9ric portent sur les th\u00e8mes de la transition \u00e9nerg\u00e9tique et bas carbone.\" \/>\n<meta property=\"og:url\" content=\"https:\/\/www.fondation-idea.lu\/quisommesnous\/author\/frederic\/\" \/>\n<meta property=\"og:site_name\" content=\"A propos\" \/>\n<meta property=\"og:image\" content=\"https:\/\/www.fondation-idea.lu\/quisommesnous\/wp-content\/uploads\/ultimatemember\/72\/profile_photo-190x190.jpg?1766067960\" \/>\n<meta name=\"twitter:card\" content=\"summary_large_image\" \/>\n<script type=\"application\/ld+json\" class=\"yoast-schema-graph\">{\"@context\":\"https:\/\/schema.org\",\"@graph\":[{\"@type\":\"ProfilePage\",\"@id\":\"https:\/\/www.fondation-idea.lu\/quisommesnous\/author\/frederic\/\",\"url\":\"https:\/\/www.fondation-idea.lu\/quisommesnous\/author\/frederic\/\",\"name\":\"\u00c9conomiste\",\"isPartOf\":{\"@id\":\"https:\/\/www.fondation-idea.lu\/quisommesnous\/#website\"},\"description\":\"Dipl\u00f4m\u00e9 en sciences \u00e9conomiques \u00e0 l'Universit\u00e9 Libre de Bruxelles, les travaux de Fr\u00e9d\u00e9ric portent sur les th\u00e8mes de la transition \u00e9nerg\u00e9tique et bas carbone.\",\"breadcrumb\":{\"@id\":\"https:\/\/www.fondation-idea.lu\/quisommesnous\/author\/frederic\/#breadcrumb\"},\"inLanguage\":\"fr-FR\",\"potentialAction\":[{\"@type\":\"ReadAction\",\"target\":[\"https:\/\/www.fondation-idea.lu\/quisommesnous\/author\/frederic\/\"]}]},{\"@type\":\"BreadcrumbList\",\"@id\":\"https:\/\/www.fondation-idea.lu\/quisommesnous\/author\/frederic\/#breadcrumb\",\"itemListElement\":[{\"@type\":\"ListItem\",\"position\":1,\"name\":\"Home\",\"item\":\"https:\/\/www.fondation-idea.lu\/quisommesnous\/\"},{\"@type\":\"ListItem\",\"position\":2,\"name\":\"Archives for Fr\u00e9d\u00e9ric Meys\"}]},{\"@type\":\"WebSite\",\"@id\":\"https:\/\/www.fondation-idea.lu\/quisommesnous\/#website\",\"url\":\"https:\/\/www.fondation-idea.lu\/quisommesnous\/\",\"name\":\"A propos\",\"description\":\"\",\"potentialAction\":[{\"@type\":\"SearchAction\",\"target\":{\"@type\":\"EntryPoint\",\"urlTemplate\":\"https:\/\/www.fondation-idea.lu\/quisommesnous\/?s={search_term_string}\"},\"query-input\":{\"@type\":\"PropertyValueSpecification\",\"valueRequired\":true,\"valueName\":\"search_term_string\"}}],\"inLanguage\":\"fr-FR\"},{\"@type\":\"Person\",\"@id\":\"https:\/\/www.fondation-idea.lu\/quisommesnous\/#\/schema\/person\/be3706e29c6b4b5b2cf041fd2adbea98\",\"name\":\"Fr\u00e9d\u00e9ric Meys\",\"image\":{\"@type\":\"ImageObject\",\"inLanguage\":\"fr-FR\",\"@id\":\"https:\/\/www.fondation-idea.lu\/quisommesnous\/#\/schema\/person\/image\/\",\"url\":\"https:\/\/secure.gravatar.com\/avatar\/543f0c825842e917c4885d880a441afab2e077248749cdd295e4319c249db255?s=96&d=mm&r=g\",\"contentUrl\":\"https:\/\/secure.gravatar.com\/avatar\/543f0c825842e917c4885d880a441afab2e077248749cdd295e4319c249db255?s=96&d=mm&r=g\",\"caption\":\"Fr\u00e9d\u00e9ric Meys\"},\"description\":\"Dipl\u00f4m\u00e9 en sciences \u00e9conomiques \u00e0 l'Universit\u00e9 Libre de Bruxelles, les travaux de Fr\u00e9d\u00e9ric portent sur les th\u00e8mes de la transition \u00e9nerg\u00e9tique et bas carbone.\",\"mainEntityOfPage\":{\"@id\":\"https:\/\/www.fondation-idea.lu\/quisommesnous\/author\/frederic\/\"}}]}<\/script>\n<!-- \/ Yoast SEO Premium plugin. -->","yoast_head_json":{"title":"\u00c9conomiste","description":"Dipl\u00f4m\u00e9 en sciences \u00e9conomiques \u00e0 l'Universit\u00e9 Libre de Bruxelles, les travaux de Fr\u00e9d\u00e9ric portent sur les th\u00e8mes de la transition \u00e9nerg\u00e9tique et bas carbone.","robots":{"index":"index","follow":"follow","max-snippet":"max-snippet:-1","max-image-preview":"max-image-preview:large","max-video-preview":"max-video-preview:-1"},"canonical":"https:\/\/www.fondation-idea.lu\/quisommesnous\/author\/frederic\/","og_locale":"fr_FR","og_type":"profile","og_title":"Fr\u00e9d\u00e9ric Meys","og_description":"Dipl\u00f4m\u00e9 en sciences \u00e9conomiques \u00e0 l'Universit\u00e9 Libre de Bruxelles, les travaux de Fr\u00e9d\u00e9ric portent sur les th\u00e8mes de la transition \u00e9nerg\u00e9tique et bas carbone.","og_url":"https:\/\/www.fondation-idea.lu\/quisommesnous\/author\/frederic\/","og_site_name":"A propos","og_image":[{"url":"https:\/\/www.fondation-idea.lu\/quisommesnous\/wp-content\/uploads\/ultimatemember\/72\/profile_photo-190x190.jpg?1766067960","type":"","width":"","height":""}],"twitter_card":"summary_large_image","schema":{"@context":"https:\/\/schema.org","@graph":[{"@type":"ProfilePage","@id":"https:\/\/www.fondation-idea.lu\/quisommesnous\/author\/frederic\/","url":"https:\/\/www.fondation-idea.lu\/quisommesnous\/author\/frederic\/","name":"\u00c9conomiste","isPartOf":{"@id":"https:\/\/www.fondation-idea.lu\/quisommesnous\/#website"},"description":"Dipl\u00f4m\u00e9 en sciences \u00e9conomiques \u00e0 l'Universit\u00e9 Libre de Bruxelles, les travaux de Fr\u00e9d\u00e9ric portent sur les th\u00e8mes de la transition \u00e9nerg\u00e9tique et bas carbone.","breadcrumb":{"@id":"https:\/\/www.fondation-idea.lu\/quisommesnous\/author\/frederic\/#breadcrumb"},"inLanguage":"fr-FR","potentialAction":[{"@type":"ReadAction","target":["https:\/\/www.fondation-idea.lu\/quisommesnous\/author\/frederic\/"]}]},{"@type":"BreadcrumbList","@id":"https:\/\/www.fondation-idea.lu\/quisommesnous\/author\/frederic\/#breadcrumb","itemListElement":[{"@type":"ListItem","position":1,"name":"Home","item":"https:\/\/www.fondation-idea.lu\/quisommesnous\/"},{"@type":"ListItem","position":2,"name":"Archives for Fr\u00e9d\u00e9ric Meys"}]},{"@type":"WebSite","@id":"https:\/\/www.fondation-idea.lu\/quisommesnous\/#website","url":"https:\/\/www.fondation-idea.lu\/quisommesnous\/","name":"A propos","description":"","potentialAction":[{"@type":"SearchAction","target":{"@type":"EntryPoint","urlTemplate":"https:\/\/www.fondation-idea.lu\/quisommesnous\/?s={search_term_string}"},"query-input":{"@type":"PropertyValueSpecification","valueRequired":true,"valueName":"search_term_string"}}],"inLanguage":"fr-FR"},{"@type":"Person","@id":"https:\/\/www.fondation-idea.lu\/quisommesnous\/#\/schema\/person\/be3706e29c6b4b5b2cf041fd2adbea98","name":"Fr\u00e9d\u00e9ric Meys","image":{"@type":"ImageObject","inLanguage":"fr-FR","@id":"https:\/\/www.fondation-idea.lu\/quisommesnous\/#\/schema\/person\/image\/","url":"https:\/\/secure.gravatar.com\/avatar\/543f0c825842e917c4885d880a441afab2e077248749cdd295e4319c249db255?s=96&d=mm&r=g","contentUrl":"https:\/\/secure.gravatar.com\/avatar\/543f0c825842e917c4885d880a441afab2e077248749cdd295e4319c249db255?s=96&d=mm&r=g","caption":"Fr\u00e9d\u00e9ric Meys"},"description":"Dipl\u00f4m\u00e9 en sciences \u00e9conomiques \u00e0 l'Universit\u00e9 Libre de Bruxelles, les travaux de Fr\u00e9d\u00e9ric portent sur les th\u00e8mes de la transition \u00e9nerg\u00e9tique et bas carbone.","mainEntityOfPage":{"@id":"https:\/\/www.fondation-idea.lu\/quisommesnous\/author\/frederic\/"}}]}},"_links":{"self":[{"href":"https:\/\/www.fondation-idea.lu\/quisommesnous\/wp-json\/wp\/v2\/users\/72","targetHints":{"allow":["GET"]}}],"collection":[{"href":"https:\/\/www.fondation-idea.lu\/quisommesnous\/wp-json\/wp\/v2\/users"}]}}