{"id":492,"date":"2025-12-18T15:25:54","date_gmt":"2025-12-18T14:25:54","guid":{"rendered":"https:\/\/www.fondation-idea.lu\/quisommesnous\/2035-assouplir-linterdiction-du-thermique-un-repit-illusoire-pour-lindustrie-europeenne\/"},"modified":"2025-12-18T15:25:54","modified_gmt":"2025-12-18T14:25:54","slug":"2035-assouplir-linterdiction-du-thermique-un-repit-illusoire-pour-lindustrie-europeenne","status":"publish","type":"post","link":"https:\/\/www.fondation-idea.lu\/quisommesnous\/2035-assouplir-linterdiction-du-thermique-un-repit-illusoire-pour-lindustrie-europeenne\/","title":{"rendered":"Copy of 2035 : assouplir l\u2019interdiction du thermique, un r\u00e9pit illusoire pour l\u2019industrie europ\u00e9enne ?"},"content":{"rendered":"<p>[vc_row][vc_column width=&#8221;1\/4&#8243;][vc_column_text]\u00a9 photo : Paul Brennan, Pixabay[\/vc_column_text][\/vc_column][vc_column width=&#8221;1\/2&#8243;][vc_column_text]<\/p>\n<p style=\"text-align: justify\"><strong>Sous la pression de l\u2019opinion publique et de certains constructeurs automobiles europ\u00e9ens, la Commission europ\u00e9enne propose un assouplissement de la r\u00e8gle pr\u00e9voyant l\u2019interdiction de la vente de v\u00e9hicules thermiques neufs dans l\u2019Union europ\u00e9enne \u00e0 partir de 2035. Dans un contexte o\u00f9 la concurrence chinoise s\u2019intensifie et o\u00f9 les droits de douane sont en hausse de l\u2019autre c\u00f4t\u00e9 de l\u2019Atlantique. Cette dilution de la contrainte peut-elle offrir un ballon d\u2019oxyg\u00e8ne aux constructeurs europ\u00e9ens ?<\/strong><\/p>\n<p style=\"text-align: justify\">A en croire les producteurs europ\u00e9ens, peut-\u00eatre, mais seulement \u00e0 court terme. Ils pourront continuer \u00e0 \u00e9couler une technologie des moteurs thermiques d\u00e9sormais amortie et parfaitement maitris\u00e9e. Ils devront toutefois maintenir des chaines de production pour les v\u00e9hicules thermiques qui, t\u00f4t au tard, devront s\u2019adapter \u00e0 de nouvelles technologies de propulsion. C\u2019est pr\u00e9cis\u00e9ment l\u2019avantage de Tesla et des constructeurs chinois qui peuvent partir d\u2019une feuille presque vierge pour la conception de leurs usines.<\/p>\n<p style=\"text-align: justify\">La Chine, de son c\u00f4t\u00e9, poursuit sa strat\u00e9gie\u00a0: l\u2019argent public finance la production industrielle[1] et soutient les consommateurs dans leur transition vers l\u2019\u00e9lectrification. Face \u00e0 ce rouleau compresseur qui continue d\u2019am\u00e9liorer la qualit\u00e9 tout en r\u00e9duisant les co\u00fbts de production des v\u00e9hicules \u00e9lectriques, la seule dilution de la contrainte r\u00e9glementaire apparait insuffisante. En effet, au-del\u00e0 d\u2019un soutien \u00e9tatique, les constructeurs chinois b\u00e9n\u00e9ficient de plusieurs avantages\u00a0comparatifs, dont leurs homologues europ\u00e9ens ne disposent pas : un march\u00e9 int\u00e9rieur dynamique pour le v\u00e9hicule \u00e9lectrique et une maitrise des technologies cl\u00e9s. Surtout, les entreprises chinoises contr\u00f4lent l\u2019ensemble de la chaine de valeurs, de l\u2019extraction des minerais n\u00e9cessaires \u00e0 leur raffinage jusqu\u2019au produit fini, batterie et v\u00e9hicule compris. M\u00eame en termes de technologies embarqu\u00e9es, les constructeurs chinois n\u2019ont d\u00e9sormais plus \u00e0 rougir face \u00e0 la concurrence europ\u00e9enne.<\/p>\n<p style=\"text-align: justify\">Il ne s\u2019agit plus que d\u2019une question de temps avant que la voiture \u00e9lectrique ne devienne plus abordable que son \u00e9quivalent thermique. Au-del\u00e0 du frein financier, les autres obstacles, comme la facilit\u00e9 de recharge et l\u2019autonomie, , aux \u00e9conomies d\u2019\u00e9chelle li\u00e9es \u00e0 la production de masse et au d\u00e9ploiement des infrastructures de recharge.<\/p>\n<p style=\"text-align: justify\">Outre-Atlantique, compte tenu de la pr\u00e9f\u00e9rence marqu\u00e9e pour la production nationale et les tensions commerciales actuelles, il semble peu probable que les Etats-Unis demeurent une destination privil\u00e9gi\u00e9e pour la production automobile europ\u00e9enne.<\/p>\n<p style=\"text-align: justify\"><u>Un signal pr\u00e9occupant pour la cr\u00e9dibilit\u00e9 de la transition<\/u><\/p>\n<p style=\"text-align: justify\">Du point de vue de la transition climatique, ce coup de canif dans les engagements pris donne l\u2019impression que les objectifs deviennent difficilement atteignables et seraient surtout r\u00e9visables en cours de route. Cette d\u00e9cision peut \u00e9galement nourrir le sentiment que la transition ne s\u2019applique pas de mani\u00e8re \u00e9quitable \u00e0 l\u2019ensemble de la population. Avec jusqu\u2019\u00e0 10% de v\u00e9hicules thermiques encore autoris\u00e9s \u00e0 la vente apr\u00e8s 2035, il est probable que les constructeurs privil\u00e9gient les segments offrant les marges le plus \u00e9lev\u00e9es, et donc les v\u00e9hicules de luxe, inaccessibles pour la plupart des portefeuilles.<\/p>\n<p style=\"text-align: justify\">La cr\u00e9dibilit\u00e9 des objectifs climatiques est fragilis\u00e9e par une telle d\u00e9cision. En 2032, 2033\u2026 si la conjoncture commerciale et financi\u00e8re ne convient toujours aux constructeurs europ\u00e9ens, l\u2019objectif sera-t-il encore d\u00e9gonfl\u00e9\u00a0? Et, au-del\u00e0 du secteur automobile, qu\u2019en sera-t-il des autres objectifs environnementaux ?<\/p>\n<p style=\"text-align: justify\">Le paquet propos\u00e9 par la Commission comprend toutefois une r\u00e9orientation strat\u00e9gique, avec\u00a0notamment le soutien au d\u00e9veloppement de v\u00e9hicules \u00e9lectriques de plus petites tailles, plus adapt\u00e9s \u00e0 la demande des clients europ\u00e9ens. Il est \u00e9galement question d\u2019introduire une certaine \u00ab\u00a0pr\u00e9f\u00e9rence europ\u00e9enne\u00a0\u00bb, via l\u2019utilisation d\u2019aciers bas carbone produits en Europe (produits notamment au Luxembourg), ainsi que de renforcer le d\u00e9veloppement de l\u2019industrie des batteries. Pour aller plus loin et favoriser la production au sein de l\u2019Union, le d\u00e9veloppement de partenariats avec des producteurs chinois implant\u00e9s en Europe pourrait \u00e9galement constituer une piste pertinente. De m\u00eame, la prise en compte de l\u2019empreinte carbone pour l\u2019octroi des \u00e9ventuelles primes \u00e0 l\u2019achat (d\u00e9j\u00e0 en vigueur France) m\u00e9riterait d\u2019\u00eatre g\u00e9n\u00e9ralis\u00e9e.<\/p>\n<p style=\"text-align: justify\">Au Luxembourg, la question de la pertinence de la politique de prime actuellement en vigueur pourrait se poser. Toutefois, la proposition de la Commission ne modifie pas, \u00e0 ce stade, les engagements en mati\u00e8re de r\u00e9duction de gaz \u00e0 effet de serre \u00e0 l\u2019horizon 2030 et au-del\u00e0. Dans la mesure o\u00f9 l\u2019augmentation de la part des v\u00e9hicules \u00e9lectriques dans le parc automobile national demeure un pilier du PNEC, et compte tenu du surco\u00fbt \u00e0 l\u2019achat d\u2019un v\u00e9hicule \u00e9lectrique, il semble pertinent de poursuivre la politique actuelle, bien qu\u2019elle reste co\u00fbteuse au regard des r\u00e9ductions d\u2019\u00e9missions effectivement obtenues[2]. Enfin, un ralentissement de l\u2019\u00e9lectrification du secteur du transport, aussi bien au Luxembourg que dans les pays limitrophes, pourraient avoir un impact, quoique limit\u00e9 par rapport \u00e0 l\u2019effet sur les prix, sur la diminution esp\u00e9r\u00e9e du <em>tanktourismus.<\/em><\/p>\n<hr \/>\n<p style=\"text-align: justify\">[1] La Commission europ\u00e9enne a mis en place des taxations pour l\u2019importation des v\u00e9hicules chinois dans l\u2019Union. L\u2019avantage tir\u00e9 par les constructeurs chinois des aides \u00e9tatiques ont un effet de distorsion allant jusqu\u2019\u00e0 35% de la valeur du v\u00e9hicule, d\u2019o\u00f9 l\u2019instauration de droits de douane jusqu\u2019\u00e0 cette hauteur.<\/p>\n<p style=\"text-align: justify\">[2] Voir IDEA, Fr\u00e9d\u00e9ric Meys (2025), Document de Travail n\u00b034\u00a0: \u00ab\u00a0<a href=\"https:\/\/www.fondation-idea.lu\/2025\/12\/03\/document-de-travail-n34-objectifs-et-efficacite-des-incitations-environnementales-le-cas-du-marche-de-lelectromobilite-au-luxembourg\/\"><em>Objectifs et efficacit\u00e9 des incitations environnementales\u00a0: le cas du march\u00e9 de\u00a0l\u2019\u00e9lectromobilit\u00e9 au Luxembourg<\/em><\/a>\u00a0\u00bb.<\/p>\n<p>[\/vc_column_text][\/vc_column][vc_column width=&#8221;1\/4&#8243;][\/vc_column][\/vc_row]<\/p>\n","protected":false},"excerpt":{"rendered":"<p>Sous la pression de l\u2019opinion publique et de certains constructeurs automobiles europ\u00e9ens, la Commission europ\u00e9enne propose un assouplissement de la r\u00e8gle pr\u00e9voyant l\u2019interdiction de la vente de v\u00e9hicules thermiques neufs dans l\u2019Union europ\u00e9enne \u00e0 partir de 2035. Dans un contexte o\u00f9 la concurrence chinoise s\u2019intensifie et o\u00f9 les droits de douane sont en hausse de l\u2019autre c\u00f4t\u00e9 de l\u2019Atlantique. Cette dilution de la contrainte peut-elle offrir un ballon d\u2019oxyg\u00e8ne aux constructeurs europ\u00e9ens ?<\/p>\n","protected":false},"author":72,"featured_media":493,"comment_status":"closed","ping_status":"closed","sticky":false,"template":"","format":"standard","meta":{"om_disable_all_campaigns":false,"_uf_show_specific_survey":0,"_uf_disable_surveys":false,"footnotes":""},"categories":[17,4],"tags":[9,10,11,12,13,14,15],"class_list":["post-492","post","type-post","status-publish","format-standard","has-post-thumbnail","hentry","category-blog","category-developpement-durable-et-technologie","tag-9","tag-electromobilite","tag-luxembourg","tag-mobilite","tag-moteur-thermique","tag-union-europeenne","tag-voiture-electrique"],"yoast_head":"<!-- This site is optimized with the Yoast SEO Premium plugin v26.9 (Yoast SEO v26.9) - https:\/\/yoast.com\/product\/yoast-seo-premium-wordpress\/ -->\n<title>Copy of 2035 : assouplir l\u2019interdiction du thermique, un r\u00e9pit illusoire pour l\u2019industrie europ\u00e9enne ?<\/title>\n<meta name=\"description\" content=\"Est-ce que la dilution de la contrainte pour les voitures thermiques en 20235 peut offrir un ballon d\u2019oxyg\u00e8ne aux constructeurs europ\u00e9ens ?\" \/>\n<meta name=\"robots\" content=\"index, follow, max-snippet:-1, max-image-preview:large, max-video-preview:-1\" \/>\n<link rel=\"canonical\" href=\"https:\/\/www.fondation-idea.lu\/quisommesnous\/2035-assouplir-linterdiction-du-thermique-un-repit-illusoire-pour-lindustrie-europeenne\/\" \/>\n<meta property=\"og:locale\" content=\"fr_FR\" \/>\n<meta property=\"og:type\" content=\"article\" \/>\n<meta property=\"og:title\" content=\"Copy of 2035 : assouplir l\u2019interdiction du thermique, un r\u00e9pit illusoire pour l\u2019industrie europ\u00e9enne ?\" \/>\n<meta property=\"og:description\" content=\"Est-ce que la dilution de la contrainte pour les voitures thermiques en 20235 peut offrir un ballon d\u2019oxyg\u00e8ne aux constructeurs europ\u00e9ens ?\" \/>\n<meta property=\"og:url\" content=\"https:\/\/www.fondation-idea.lu\/quisommesnous\/2035-assouplir-linterdiction-du-thermique-un-repit-illusoire-pour-lindustrie-europeenne\/\" \/>\n<meta property=\"og:site_name\" content=\"A propos\" \/>\n<meta property=\"article:published_time\" content=\"2025-12-18T14:25:54+00:00\" \/>\n<meta property=\"og:image\" content=\"https:\/\/www.fondation-idea.lu\/quisommesnous\/wp-content\/uploads\/2025\/12\/electric-charge-2301604_1920.jpg\" \/>\n\t<meta property=\"og:image:width\" content=\"1920\" \/>\n\t<meta property=\"og:image:height\" content=\"1410\" \/>\n\t<meta property=\"og:image:type\" content=\"image\/jpeg\" \/>\n<meta name=\"author\" content=\"Fr\u00e9d\u00e9ric Meys\" \/>\n<meta name=\"twitter:card\" content=\"summary_large_image\" \/>\n<meta name=\"twitter:label1\" content=\"\u00c9crit par\" \/>\n\t<meta name=\"twitter:data1\" content=\"Fr\u00e9d\u00e9ric Meys\" \/>\n\t<meta name=\"twitter:label2\" content=\"Dur\u00e9e de lecture estim\u00e9e\" \/>\n\t<meta name=\"twitter:data2\" content=\"5 minutes\" \/>\n<script type=\"application\/ld+json\" class=\"yoast-schema-graph\">{\"@context\":\"https:\/\/schema.org\",\"@graph\":[{\"@type\":\"Article\",\"@id\":\"https:\/\/www.fondation-idea.lu\/quisommesnous\/2035-assouplir-linterdiction-du-thermique-un-repit-illusoire-pour-lindustrie-europeenne\/#article\",\"isPartOf\":{\"@id\":\"https:\/\/www.fondation-idea.lu\/quisommesnous\/2035-assouplir-linterdiction-du-thermique-un-repit-illusoire-pour-lindustrie-europeenne\/\"},\"author\":{\"name\":\"Fr\u00e9d\u00e9ric Meys\",\"@id\":\"https:\/\/www.fondation-idea.lu\/quisommesnous\/#\/schema\/person\/be3706e29c6b4b5b2cf041fd2adbea98\"},\"headline\":\"Copy of 2035 : assouplir l\u2019interdiction du thermique, un r\u00e9pit illusoire pour l\u2019industrie europ\u00e9enne ?\",\"datePublished\":\"2025-12-18T14:25:54+00:00\",\"mainEntityOfPage\":{\"@id\":\"https:\/\/www.fondation-idea.lu\/quisommesnous\/2035-assouplir-linterdiction-du-thermique-un-repit-illusoire-pour-lindustrie-europeenne\/\"},\"wordCount\":993,\"image\":{\"@id\":\"https:\/\/www.fondation-idea.lu\/quisommesnous\/2035-assouplir-linterdiction-du-thermique-un-repit-illusoire-pour-lindustrie-europeenne\/#primaryimage\"},\"thumbnailUrl\":\"https:\/\/www.fondation-idea.lu\/quisommesnous\/wp-content\/uploads\/2025\/12\/electric-charge-2301604_1920.jpg\",\"keywords\":[\"2035\",\"\u00c9lectromobilit\u00e9\",\"Luxembourg\",\"mobilit\u00e9\",\"moteur thermique\",\"union europ\u00e9enne\",\"voiture \u00e9lectrique\"],\"articleSection\":[\"Blog\",\"D\u00e9veloppement durable et technologie\"],\"inLanguage\":\"fr-FR\"},{\"@type\":\"WebPage\",\"@id\":\"https:\/\/www.fondation-idea.lu\/quisommesnous\/2035-assouplir-linterdiction-du-thermique-un-repit-illusoire-pour-lindustrie-europeenne\/\",\"url\":\"https:\/\/www.fondation-idea.lu\/quisommesnous\/2035-assouplir-linterdiction-du-thermique-un-repit-illusoire-pour-lindustrie-europeenne\/\",\"name\":\"Copy of 2035 : assouplir l\u2019interdiction du thermique, un r\u00e9pit illusoire pour l\u2019industrie europ\u00e9enne ?\",\"isPartOf\":{\"@id\":\"https:\/\/www.fondation-idea.lu\/quisommesnous\/#website\"},\"primaryImageOfPage\":{\"@id\":\"https:\/\/www.fondation-idea.lu\/quisommesnous\/2035-assouplir-linterdiction-du-thermique-un-repit-illusoire-pour-lindustrie-europeenne\/#primaryimage\"},\"image\":{\"@id\":\"https:\/\/www.fondation-idea.lu\/quisommesnous\/2035-assouplir-linterdiction-du-thermique-un-repit-illusoire-pour-lindustrie-europeenne\/#primaryimage\"},\"thumbnailUrl\":\"https:\/\/www.fondation-idea.lu\/quisommesnous\/wp-content\/uploads\/2025\/12\/electric-charge-2301604_1920.jpg\",\"datePublished\":\"2025-12-18T14:25:54+00:00\",\"author\":{\"@id\":\"https:\/\/www.fondation-idea.lu\/quisommesnous\/#\/schema\/person\/be3706e29c6b4b5b2cf041fd2adbea98\"},\"description\":\"Est-ce que la dilution de la contrainte pour les voitures thermiques en 20235 peut offrir un ballon d\u2019oxyg\u00e8ne aux constructeurs europ\u00e9ens ?\",\"breadcrumb\":{\"@id\":\"https:\/\/www.fondation-idea.lu\/quisommesnous\/2035-assouplir-linterdiction-du-thermique-un-repit-illusoire-pour-lindustrie-europeenne\/#breadcrumb\"},\"inLanguage\":\"fr-FR\",\"potentialAction\":[{\"@type\":\"ReadAction\",\"target\":[\"https:\/\/www.fondation-idea.lu\/quisommesnous\/2035-assouplir-linterdiction-du-thermique-un-repit-illusoire-pour-lindustrie-europeenne\/\"]}]},{\"@type\":\"ImageObject\",\"inLanguage\":\"fr-FR\",\"@id\":\"https:\/\/www.fondation-idea.lu\/quisommesnous\/2035-assouplir-linterdiction-du-thermique-un-repit-illusoire-pour-lindustrie-europeenne\/#primaryimage\",\"url\":\"https:\/\/www.fondation-idea.lu\/quisommesnous\/wp-content\/uploads\/2025\/12\/electric-charge-2301604_1920.jpg\",\"contentUrl\":\"https:\/\/www.fondation-idea.lu\/quisommesnous\/wp-content\/uploads\/2025\/12\/electric-charge-2301604_1920.jpg\",\"width\":1920,\"height\":1410},{\"@type\":\"BreadcrumbList\",\"@id\":\"https:\/\/www.fondation-idea.lu\/quisommesnous\/2035-assouplir-linterdiction-du-thermique-un-repit-illusoire-pour-lindustrie-europeenne\/#breadcrumb\",\"itemListElement\":[{\"@type\":\"ListItem\",\"position\":1,\"name\":\"Home\",\"item\":\"https:\/\/www.fondation-idea.lu\/quisommesnous\/\"},{\"@type\":\"ListItem\",\"position\":2,\"name\":\"Copy of 2035 : assouplir l\u2019interdiction du thermique, un r\u00e9pit illusoire pour l\u2019industrie europ\u00e9enne ?\"}]},{\"@type\":\"WebSite\",\"@id\":\"https:\/\/www.fondation-idea.lu\/quisommesnous\/#website\",\"url\":\"https:\/\/www.fondation-idea.lu\/quisommesnous\/\",\"name\":\"A propos\",\"description\":\"\",\"potentialAction\":[{\"@type\":\"SearchAction\",\"target\":{\"@type\":\"EntryPoint\",\"urlTemplate\":\"https:\/\/www.fondation-idea.lu\/quisommesnous\/?s={search_term_string}\"},\"query-input\":{\"@type\":\"PropertyValueSpecification\",\"valueRequired\":true,\"valueName\":\"search_term_string\"}}],\"inLanguage\":\"fr-FR\"},{\"@type\":\"Person\",\"@id\":\"https:\/\/www.fondation-idea.lu\/quisommesnous\/#\/schema\/person\/be3706e29c6b4b5b2cf041fd2adbea98\",\"name\":\"Fr\u00e9d\u00e9ric Meys\",\"image\":{\"@type\":\"ImageObject\",\"inLanguage\":\"fr-FR\",\"@id\":\"https:\/\/www.fondation-idea.lu\/quisommesnous\/#\/schema\/person\/image\/\",\"url\":\"https:\/\/secure.gravatar.com\/avatar\/543f0c825842e917c4885d880a441afab2e077248749cdd295e4319c249db255?s=96&d=mm&r=g\",\"contentUrl\":\"https:\/\/secure.gravatar.com\/avatar\/543f0c825842e917c4885d880a441afab2e077248749cdd295e4319c249db255?s=96&d=mm&r=g\",\"caption\":\"Fr\u00e9d\u00e9ric Meys\"},\"description\":\"Dipl\u00f4m\u00e9 en sciences \u00e9conomiques \u00e0 l'Universit\u00e9 Libre de Bruxelles, les travaux de Fr\u00e9d\u00e9ric portent sur les th\u00e8mes de la transition \u00e9nerg\u00e9tique et bas carbone.\",\"url\":\"https:\/\/www.fondation-idea.lu\/quisommesnous\/author\/frederic\/\"}]}<\/script>\n<!-- \/ Yoast SEO Premium plugin. -->","yoast_head_json":{"title":"Copy of 2035 : assouplir l\u2019interdiction du thermique, un r\u00e9pit illusoire pour l\u2019industrie europ\u00e9enne ?","description":"Est-ce que la dilution de la contrainte pour les voitures thermiques en 20235 peut offrir un ballon d\u2019oxyg\u00e8ne aux constructeurs europ\u00e9ens ?","robots":{"index":"index","follow":"follow","max-snippet":"max-snippet:-1","max-image-preview":"max-image-preview:large","max-video-preview":"max-video-preview:-1"},"canonical":"https:\/\/www.fondation-idea.lu\/quisommesnous\/2035-assouplir-linterdiction-du-thermique-un-repit-illusoire-pour-lindustrie-europeenne\/","og_locale":"fr_FR","og_type":"article","og_title":"Copy of 2035 : assouplir l\u2019interdiction du thermique, un r\u00e9pit illusoire pour l\u2019industrie europ\u00e9enne ?","og_description":"Est-ce que la dilution de la contrainte pour les voitures thermiques en 20235 peut offrir un ballon d\u2019oxyg\u00e8ne aux constructeurs europ\u00e9ens ?","og_url":"https:\/\/www.fondation-idea.lu\/quisommesnous\/2035-assouplir-linterdiction-du-thermique-un-repit-illusoire-pour-lindustrie-europeenne\/","og_site_name":"A propos","article_published_time":"2025-12-18T14:25:54+00:00","og_image":[{"width":1920,"height":1410,"url":"https:\/\/www.fondation-idea.lu\/quisommesnous\/wp-content\/uploads\/2025\/12\/electric-charge-2301604_1920.jpg","type":"image\/jpeg"}],"author":"Fr\u00e9d\u00e9ric Meys","twitter_card":"summary_large_image","twitter_misc":{"\u00c9crit par":"Fr\u00e9d\u00e9ric Meys","Dur\u00e9e de lecture estim\u00e9e":"5 minutes"},"schema":{"@context":"https:\/\/schema.org","@graph":[{"@type":"Article","@id":"https:\/\/www.fondation-idea.lu\/quisommesnous\/2035-assouplir-linterdiction-du-thermique-un-repit-illusoire-pour-lindustrie-europeenne\/#article","isPartOf":{"@id":"https:\/\/www.fondation-idea.lu\/quisommesnous\/2035-assouplir-linterdiction-du-thermique-un-repit-illusoire-pour-lindustrie-europeenne\/"},"author":{"name":"Fr\u00e9d\u00e9ric Meys","@id":"https:\/\/www.fondation-idea.lu\/quisommesnous\/#\/schema\/person\/be3706e29c6b4b5b2cf041fd2adbea98"},"headline":"Copy of 2035 : assouplir l\u2019interdiction du thermique, un r\u00e9pit illusoire pour l\u2019industrie europ\u00e9enne ?","datePublished":"2025-12-18T14:25:54+00:00","mainEntityOfPage":{"@id":"https:\/\/www.fondation-idea.lu\/quisommesnous\/2035-assouplir-linterdiction-du-thermique-un-repit-illusoire-pour-lindustrie-europeenne\/"},"wordCount":993,"image":{"@id":"https:\/\/www.fondation-idea.lu\/quisommesnous\/2035-assouplir-linterdiction-du-thermique-un-repit-illusoire-pour-lindustrie-europeenne\/#primaryimage"},"thumbnailUrl":"https:\/\/www.fondation-idea.lu\/quisommesnous\/wp-content\/uploads\/2025\/12\/electric-charge-2301604_1920.jpg","keywords":["2035","\u00c9lectromobilit\u00e9","Luxembourg","mobilit\u00e9","moteur thermique","union europ\u00e9enne","voiture \u00e9lectrique"],"articleSection":["Blog","D\u00e9veloppement durable et technologie"],"inLanguage":"fr-FR"},{"@type":"WebPage","@id":"https:\/\/www.fondation-idea.lu\/quisommesnous\/2035-assouplir-linterdiction-du-thermique-un-repit-illusoire-pour-lindustrie-europeenne\/","url":"https:\/\/www.fondation-idea.lu\/quisommesnous\/2035-assouplir-linterdiction-du-thermique-un-repit-illusoire-pour-lindustrie-europeenne\/","name":"Copy of 2035 : assouplir l\u2019interdiction du thermique, un r\u00e9pit illusoire pour l\u2019industrie europ\u00e9enne ?","isPartOf":{"@id":"https:\/\/www.fondation-idea.lu\/quisommesnous\/#website"},"primaryImageOfPage":{"@id":"https:\/\/www.fondation-idea.lu\/quisommesnous\/2035-assouplir-linterdiction-du-thermique-un-repit-illusoire-pour-lindustrie-europeenne\/#primaryimage"},"image":{"@id":"https:\/\/www.fondation-idea.lu\/quisommesnous\/2035-assouplir-linterdiction-du-thermique-un-repit-illusoire-pour-lindustrie-europeenne\/#primaryimage"},"thumbnailUrl":"https:\/\/www.fondation-idea.lu\/quisommesnous\/wp-content\/uploads\/2025\/12\/electric-charge-2301604_1920.jpg","datePublished":"2025-12-18T14:25:54+00:00","author":{"@id":"https:\/\/www.fondation-idea.lu\/quisommesnous\/#\/schema\/person\/be3706e29c6b4b5b2cf041fd2adbea98"},"description":"Est-ce que la dilution de la contrainte pour les voitures thermiques en 20235 peut offrir un ballon d\u2019oxyg\u00e8ne aux constructeurs europ\u00e9ens ?","breadcrumb":{"@id":"https:\/\/www.fondation-idea.lu\/quisommesnous\/2035-assouplir-linterdiction-du-thermique-un-repit-illusoire-pour-lindustrie-europeenne\/#breadcrumb"},"inLanguage":"fr-FR","potentialAction":[{"@type":"ReadAction","target":["https:\/\/www.fondation-idea.lu\/quisommesnous\/2035-assouplir-linterdiction-du-thermique-un-repit-illusoire-pour-lindustrie-europeenne\/"]}]},{"@type":"ImageObject","inLanguage":"fr-FR","@id":"https:\/\/www.fondation-idea.lu\/quisommesnous\/2035-assouplir-linterdiction-du-thermique-un-repit-illusoire-pour-lindustrie-europeenne\/#primaryimage","url":"https:\/\/www.fondation-idea.lu\/quisommesnous\/wp-content\/uploads\/2025\/12\/electric-charge-2301604_1920.jpg","contentUrl":"https:\/\/www.fondation-idea.lu\/quisommesnous\/wp-content\/uploads\/2025\/12\/electric-charge-2301604_1920.jpg","width":1920,"height":1410},{"@type":"BreadcrumbList","@id":"https:\/\/www.fondation-idea.lu\/quisommesnous\/2035-assouplir-linterdiction-du-thermique-un-repit-illusoire-pour-lindustrie-europeenne\/#breadcrumb","itemListElement":[{"@type":"ListItem","position":1,"name":"Home","item":"https:\/\/www.fondation-idea.lu\/quisommesnous\/"},{"@type":"ListItem","position":2,"name":"Copy of 2035 : assouplir l\u2019interdiction du thermique, un r\u00e9pit illusoire pour l\u2019industrie europ\u00e9enne ?"}]},{"@type":"WebSite","@id":"https:\/\/www.fondation-idea.lu\/quisommesnous\/#website","url":"https:\/\/www.fondation-idea.lu\/quisommesnous\/","name":"A propos","description":"","potentialAction":[{"@type":"SearchAction","target":{"@type":"EntryPoint","urlTemplate":"https:\/\/www.fondation-idea.lu\/quisommesnous\/?s={search_term_string}"},"query-input":{"@type":"PropertyValueSpecification","valueRequired":true,"valueName":"search_term_string"}}],"inLanguage":"fr-FR"},{"@type":"Person","@id":"https:\/\/www.fondation-idea.lu\/quisommesnous\/#\/schema\/person\/be3706e29c6b4b5b2cf041fd2adbea98","name":"Fr\u00e9d\u00e9ric Meys","image":{"@type":"ImageObject","inLanguage":"fr-FR","@id":"https:\/\/www.fondation-idea.lu\/quisommesnous\/#\/schema\/person\/image\/","url":"https:\/\/secure.gravatar.com\/avatar\/543f0c825842e917c4885d880a441afab2e077248749cdd295e4319c249db255?s=96&d=mm&r=g","contentUrl":"https:\/\/secure.gravatar.com\/avatar\/543f0c825842e917c4885d880a441afab2e077248749cdd295e4319c249db255?s=96&d=mm&r=g","caption":"Fr\u00e9d\u00e9ric Meys"},"description":"Dipl\u00f4m\u00e9 en sciences \u00e9conomiques \u00e0 l'Universit\u00e9 Libre de Bruxelles, les travaux de Fr\u00e9d\u00e9ric portent sur les th\u00e8mes de la transition \u00e9nerg\u00e9tique et bas carbone.","url":"https:\/\/www.fondation-idea.lu\/quisommesnous\/author\/frederic\/"}]}},"_links":{"self":[{"href":"https:\/\/www.fondation-idea.lu\/quisommesnous\/wp-json\/wp\/v2\/posts\/492","targetHints":{"allow":["GET"]}}],"collection":[{"href":"https:\/\/www.fondation-idea.lu\/quisommesnous\/wp-json\/wp\/v2\/posts"}],"about":[{"href":"https:\/\/www.fondation-idea.lu\/quisommesnous\/wp-json\/wp\/v2\/types\/post"}],"author":[{"embeddable":true,"href":"https:\/\/www.fondation-idea.lu\/quisommesnous\/wp-json\/wp\/v2\/users\/72"}],"replies":[{"embeddable":true,"href":"https:\/\/www.fondation-idea.lu\/quisommesnous\/wp-json\/wp\/v2\/comments?post=492"}],"version-history":[{"count":0,"href":"https:\/\/www.fondation-idea.lu\/quisommesnous\/wp-json\/wp\/v2\/posts\/492\/revisions"}],"wp:featuredmedia":[{"embeddable":true,"href":"https:\/\/www.fondation-idea.lu\/quisommesnous\/wp-json\/wp\/v2\/media\/493"}],"wp:attachment":[{"href":"https:\/\/www.fondation-idea.lu\/quisommesnous\/wp-json\/wp\/v2\/media?parent=492"}],"wp:term":[{"taxonomy":"category","embeddable":true,"href":"https:\/\/www.fondation-idea.lu\/quisommesnous\/wp-json\/wp\/v2\/categories?post=492"},{"taxonomy":"post_tag","embeddable":true,"href":"https:\/\/www.fondation-idea.lu\/quisommesnous\/wp-json\/wp\/v2\/tags?post=492"}],"curies":[{"name":"wp","href":"https:\/\/api.w.org\/{rel}","templated":true}]}}